{"id":737,"date":"2021-06-07T11:21:38","date_gmt":"2021-06-07T07:21:38","guid":{"rendered":"https:\/\/snfolc.re\/site\/?p=737"},"modified":"2021-06-07T11:23:43","modified_gmt":"2021-06-07T07:23:43","slug":"les-examens-et-diplomes-cest-laffaire-de-tous","status":"publish","type":"post","link":"https:\/\/snfolc.re\/site\/index.php\/2021\/06\/07\/les-examens-et-diplomes-cest-laffaire-de-tous\/","title":{"rendered":"Les examens et dipl\u00f4mes, c\u2019est l\u2019affaire de tous"},"content":{"rendered":"\n<div class=\"wp-block-image is-style-default\"><figure class=\"aligncenter size-large is-resized\"><img loading=\"lazy\" decoding=\"async\" src=\"http:\/\/snfolc.re\/site\/wp-content\/uploads\/2021\/06\/bandblanquer.png\" alt=\"Caricature tondeuse blanquer\" class=\"wp-image-738\" width=\"753\" height=\"609\" srcset=\"https:\/\/snfolc.re\/site\/wp-content\/uploads\/2021\/06\/bandblanquer.png 1004w, https:\/\/snfolc.re\/site\/wp-content\/uploads\/2021\/06\/bandblanquer-300x243.png 300w, https:\/\/snfolc.re\/site\/wp-content\/uploads\/2021\/06\/bandblanquer-768x621.png 768w\" sizes=\"(max-width: 753px) 100vw, 753px\" \/><\/figure><\/div>\n\n\n\n<p>Apr\u00e8s avoir laiss\u00e9 le soin aux lyc\u00e9es d\u2019organiser eux-m\u00eames tout au long de l\u2019ann\u00e9e leur propre protection sanitaire et plac\u00e9 les \u00e9l\u00e8ves dans des conditions in\u00e9galitaires de pr\u00e9paration face \u00e0 l\u2019examen, le ministre Blanquer a annonc\u00e9 en toute d\u00e9sinvolture sa d\u00e9cision de maintenir le grand oral, nouvelle \u00e9preuve du baccalaur\u00e9at \u00e0 laquelle les lyc\u00e9ens n\u2019ont pu \u00eatre pr\u00e9par\u00e9s, et de transformer l\u2019\u00e9preuve de philosophie du mois de juin en v\u00e9ritable mascarade (sa note ne comptant pas si elle se trouve inf\u00e9rieure \u00e0 la moyenne du contr\u00f4le continu).<\/p>\n\n\n\n<p>Les d\u00e9cisions du ministre suscitent \u00e0 juste titre l\u2019inqui\u00e9tude des lyc\u00e9ens. Elles ont conduit de nombreux professeurs de philosophie \u00e0 se r\u00e9unir en assembl\u00e9es g\u00e9n\u00e9rales (\u00e0 Bordeaux, Lille, Strasbourg, Grenoble&#8230;) pour demander l\u2019annulation du grand oral et, \u00e9tant donn\u00e9 les conditions impos\u00e9es, pour cette ann\u00e9e 2021, celle de l\u2019\u00e9preuve de philosophie.<\/p>\n\n\n\n<p>Les professeurs ont tous le sentiment d\u2019avoir \u00e9t\u00e9 pi\u00e9g\u00e9s par le ministre et ils d\u00e9noncent tous sa responsabilit\u00e9 : il a d\u00e9lib\u00e9r\u00e9ment laiss\u00e9 la situation pourrir et plac\u00e9 les \u00e9l\u00e8ves dans des conditions in\u00e9galitaires; il manifeste le plus grand m\u00e9pris \u00e0 l\u2019\u00e9gard des \u00e9l\u00e8ves et des professeurs, en se moquant des conditions de pr\u00e9paration des \u00e9preuves, en se moquant ouvertement de l\u2019\u00e9preuve de philosophie.<\/p>\n\n\n\n<p>En imposant la num\u00e9risation des copies des \u00e9preuves du baccalaur\u00e9at, le ministre ne tient aucun compte des exigences de chacune des disciplines, et se moque de d\u00e9naturer le travail de correction des professeurs. Ceux-ci ne peuvent pas non plus admettre d\u2019\u00eatre plus longtemps transform\u00e9s en pourvoyeurs de notes, comme ils l\u2019ont \u00e9t\u00e9 tout au long de cette ann\u00e9e, du fait des r\u00e9formes Blanquer du lyc\u00e9e et du baccalaur\u00e9at, sous la pression constante du contr\u00f4le continu, au d\u00e9triment complet de la progression de leur cours et de l\u2019apprentissage des \u00e9l\u00e8ves.<\/p>\n\n\n\n<p>Avec les professeurs r\u00e9unis en AG, le SNFOLC se prononce pour le r\u00e9tablissement en 2022 d\u2019un v\u00e9ritable baccalaur\u00e9at national fond\u00e9 sur des \u00e9preuves finales dans toutes les disciplines, qui seul peut garantir l\u2019\u00e9galit\u00e9 de traitement des \u00e9l\u00e8ves et assurer des conditions sereines d\u2019enseignement. Le SNFOLC se prononce avec eux pour l\u2019abandon des r\u00e9formes Blanquer du lyc\u00e9e et du baccalaur\u00e9at, ainsi que de Parcoursup.<\/p>\n\n\n\n<p>Dans l\u2019imm\u00e9diat, le SNFOLC demande au ministre d\u2019assumer ses responsabilit\u00e9s et de mettre un terme au plus vite \u00e0 la situation dans laquelle il place les \u00e9l\u00e8ves et les professeurs.<\/p>\n\n\n\n<p><strong>Le SNFOLC appelle les personnels \u00e0 se r\u00e9unir en AG, \u00e0 discuter des modalit\u00e9s d\u2019action, y compris la gr\u00e8ve, \u00e0 se rendre au minist\u00e8re et devant les rectorats et DSDEN. Un pr\u00e9avis de gr\u00e8ve a \u00e9t\u00e9 d\u00e9pos\u00e9. Le SNFOLC s\u2019est adress\u00e9 aux autres organisations syndicales pour organiser l\u2019action commune.<\/strong><\/p>\n","protected":false},"excerpt":{"rendered":"<p>Apr\u00e8s avoir laiss\u00e9 le soin aux lyc\u00e9es d\u2019organiser eux-m\u00eames tout au long de l\u2019ann\u00e9e leur propre protection sanitaire et plac\u00e9<\/p>\n","protected":false},"author":1,"featured_media":738,"comment_status":"closed","ping_status":"closed","sticky":false,"template":"","format":"standard","meta":{"footnotes":""},"categories":[28,31,15,16],"tags":[],"_links":{"self":[{"href":"https:\/\/snfolc.re\/site\/index.php\/wp-json\/wp\/v2\/posts\/737"}],"collection":[{"href":"https:\/\/snfolc.re\/site\/index.php\/wp-json\/wp\/v2\/posts"}],"about":[{"href":"https:\/\/snfolc.re\/site\/index.php\/wp-json\/wp\/v2\/types\/post"}],"author":[{"embeddable":true,"href":"https:\/\/snfolc.re\/site\/index.php\/wp-json\/wp\/v2\/users\/1"}],"replies":[{"embeddable":true,"href":"https:\/\/snfolc.re\/site\/index.php\/wp-json\/wp\/v2\/comments?post=737"}],"version-history":[{"count":2,"href":"https:\/\/snfolc.re\/site\/index.php\/wp-json\/wp\/v2\/posts\/737\/revisions"}],"predecessor-version":[{"id":741,"href":"https:\/\/snfolc.re\/site\/index.php\/wp-json\/wp\/v2\/posts\/737\/revisions\/741"}],"wp:featuredmedia":[{"embeddable":true,"href":"https:\/\/snfolc.re\/site\/index.php\/wp-json\/wp\/v2\/media\/738"}],"wp:attachment":[{"href":"https:\/\/snfolc.re\/site\/index.php\/wp-json\/wp\/v2\/media?parent=737"}],"wp:term":[{"taxonomy":"category","embeddable":true,"href":"https:\/\/snfolc.re\/site\/index.php\/wp-json\/wp\/v2\/categories?post=737"},{"taxonomy":"post_tag","embeddable":true,"href":"https:\/\/snfolc.re\/site\/index.php\/wp-json\/wp\/v2\/tags?post=737"}],"curies":[{"name":"wp","href":"https:\/\/api.w.org\/{rel}","templated":true}]}}