{"id":696,"date":"2020-04-23T11:13:07","date_gmt":"2020-04-23T07:13:07","guid":{"rendered":"https:\/\/snfolc.re\/site\/?p=696"},"modified":"2020-08-25T16:35:58","modified_gmt":"2020-08-25T12:35:58","slug":"tous-les-articles-concernant-le-confinement-et-la-reprise","status":"publish","type":"post","link":"https:\/\/snfolc.re\/site\/index.php\/2020\/04\/23\/tous-les-articles-concernant-le-confinement-et-la-reprise\/","title":{"rendered":"Tous les articles concernant le confinement et la reprise"},"content":{"rendered":"\n<figure class=\"wp-block-image size-large\"><img loading=\"lazy\" decoding=\"async\" width=\"1024\" height=\"680\" src=\"http:\/\/snfolc.re\/site\/wp-content\/uploads\/2020\/04\/b_covid-1024x680.png\" alt=\"\" class=\"wp-image-697\" srcset=\"https:\/\/snfolc.re\/site\/wp-content\/uploads\/2020\/04\/b_covid-1024x680.png 1024w, https:\/\/snfolc.re\/site\/wp-content\/uploads\/2020\/04\/b_covid-300x199.png 300w, https:\/\/snfolc.re\/site\/wp-content\/uploads\/2020\/04\/b_covid-768x510.png 768w, https:\/\/snfolc.re\/site\/wp-content\/uploads\/2020\/04\/b_covid.png 1280w\" sizes=\"(max-width: 1024px) 100vw, 1024px\" \/><\/figure>\n\n\n\n<p>13\/05 : Reprise &#8211; Les protocoles sanitaires sont consultables sur le site du minist\u00e8re : <a href=\"https:\/\/www.education.gouv.fr\/coronavirus-covid-19-reouverture-des-ecoles-colleges-et-lycees-303546\">https:\/\/www.education.gouv.fr\/coronavirus-covid-19-reouverture-des-ecoles-colleges-et-lycees-303546<\/a><\/p>\n\n\n\n<p>11\/05 : <a href=\"https:\/\/drive.google.com\/open?id=1EaPeeLTSCbuoBQcOcFukjTUfqUxMI0Ph\">COMMUNIQUE DE PRESSE de la FNEC-FP-FO de la Vienne<\/a><\/p>\n\n\n\n<p>11\/05 : <a href=\"https:\/\/drive.google.com\/open?id=1X8wfI6Y3Nf_cCy7_B-_woIdqJlCZrvBr\">Question-r\u00e9ponse sur la sortie du confinement dans la fonction publique<\/a> (disponible en version actualis\u00e9e sur <a rel=\"noreferrer noopener\" href=\"https:\/\/www.gouvernement.fr\/info-coronavirus\" target=\"_blank\">https:\/\/www.gouvernement.fr\/info-coronavirus<\/a>)<\/p>\n\n\n\n<p>11\/05 : <a href=\"https:\/\/drive.google.com\/open?id=1HUmF3BtfMynHSu0_Aubhct45yOd3J7uZ\">CSE du 11 mai 2020 : la FNEC FP-FO d\u00e9fend les dipl\u00f4mes et les programmes nationaux contre le dipl\u00f4me Blanquer \u00e0 la t\u00eate du client<\/a><\/p>\n\n\n\n<p>11\/05 : <a href=\"https:\/\/drive.google.com\/open?id=1RXBU2JLbxnGWoBrvxkTJVxQ8qhONWQwm\">D\u00e9claration liminaire de la FNEC FP-FO au CSE du 11 mai 2020<\/a><\/p>\n\n\n\n<p>11\/05 : <a href=\"https:\/\/drive.google.com\/open?id=1kV8vWNLtS8k2-riRhdbSvhP4fFeTemjk\">La FGF FO exige la reconnaissance en maladie professionnelle pour l\u2019ensemble des personnels ayant o\u00f9 contractant ce virus covid 19 pendant toute la p\u00e9riode de cette crise sanitaire.<\/a><\/p>\n\n\n\n<p>07\/05 : <a href=\"https:\/\/drive.google.com\/open?id=1lAGxrwm7aHASUC6mS7Bvf18_1T1kJrBg\">Les AESH veulent des garanties sanitaires et le respect de leurs missions<\/a><\/p>\n\n\n\n<p>05\/05 : <a href=\"https:\/\/drive.google.com\/open?id=1Govq1cGM0OIBwnCMz9b0HIZDhpPi5aTT\">Protocole sanitaire de reprise des cours en lyc\u00e9es et coll\u00e8ges<br>De qui se moque-t-on ?<\/a><\/p>\n\n\n\n<p>22\/04 : <a rel=\"noreferrer noopener\" href=\"https:\/\/drive.google.com\/open?id=1QPuPT9bFVBa2xYrcpRGDXKCyzxzDUiI3\" target=\"_blank\">11 mai : danger grave et imminent &#8211; La FNEC FP-FO lance une proc\u00e9dure d\u2019alerte<\/a><\/p>\n\n\n\n<p>21\/04 : <a rel=\"noreferrer noopener\" href=\"https:\/\/drive.google.com\/open?id=1gNk4uIxXJr1SJ6BW28W4nI2IIVRiB09T\" target=\"_blank\">Crise du COVID-19 : La F\u00e9d\u00e9ration G\u00e9n\u00e9rale des Fonctionnaires FO porte plainte contre X.<\/a><\/p>\n\n\n\n<p>21\/04 : <a rel=\"noreferrer noopener\" href=\"https:\/\/drive.google.com\/open?id=1Gv7dwGXh-_3z_hF5K5TXiliidPGGyfJi\" target=\"_blank\">Concours sous Coronavirus : les d\u00e9clarations du ministre ne r\u00e9solvent rien !<\/a><\/p>\n\n\n\n<p>20\/04 : <a rel=\"noreferrer noopener\" href=\"https:\/\/drive.google.com\/open?id=1aFWjxiaomNRRmeWqRKdL7DLHpcbY9s6b\" target=\"_blank\">Stagiaires : titularisation imm\u00e9diate, pas de report en d\u00e9cembre !<\/a><\/p>\n\n\n\n<p>20\/04 : <a rel=\"noreferrer noopener\" href=\"https:\/\/drive.google.com\/open?id=1IIK1kfwJ85VI1JbieoKCFlnxZ-K0KVUT\" target=\"_blank\">DECLARATION DE LA COMMISSION EXECUTIVE CONFEDERALE FO DU 20 AVRIL 2020<\/a><\/p>\n\n\n\n<p>17\/04 : <a rel=\"noreferrer noopener\" href=\"https:\/\/drive.google.com\/open?id=1pcQI9K4n9lZQnTp-AKvNfWZ_lcxfBwWG\" target=\"_blank\">Dans les coll\u00e8ges, la col\u00e8re et l\u2019inqui\u00e9tude des personnels suite aux annonces contradictoires de Macron et Blanquer<\/a><\/p>\n\n\n\n<p>16\/04 : <a href=\"https:\/\/drive.google.com\/open?id=1xubUZgFxtrxrI90pJq79qoaPnCldA2O1\" target=\"_blank\" rel=\"noreferrer noopener\">Reprise le 11 mai sans d\u00e9pistage syst\u00e9matique, sans masque et sans m\u00e9decine de pr\u00e9vention, pour le SNFOLC, c\u2019est non !<\/a><\/p>\n","protected":false},"excerpt":{"rendered":"<p>13\/05 : Reprise &#8211; Les protocoles sanitaires sont consultables sur le site du minist\u00e8re : https:\/\/www.education.gouv.fr\/coronavirus-covid-19-reouverture-des-ecoles-colleges-et-lycees-303546 11\/05 : COMMUNIQUE DE<\/p>\n","protected":false},"author":1,"featured_media":710,"comment_status":"closed","ping_status":"closed","sticky":false,"template":"","format":"standard","meta":{"footnotes":""},"categories":[28,30],"tags":[],"_links":{"self":[{"href":"https:\/\/snfolc.re\/site\/index.php\/wp-json\/wp\/v2\/posts\/696"}],"collection":[{"href":"https:\/\/snfolc.re\/site\/index.php\/wp-json\/wp\/v2\/posts"}],"about":[{"href":"https:\/\/snfolc.re\/site\/index.php\/wp-json\/wp\/v2\/types\/post"}],"author":[{"embeddable":true,"href":"https:\/\/snfolc.re\/site\/index.php\/wp-json\/wp\/v2\/users\/1"}],"replies":[{"embeddable":true,"href":"https:\/\/snfolc.re\/site\/index.php\/wp-json\/wp\/v2\/comments?post=696"}],"version-history":[{"count":5,"href":"https:\/\/snfolc.re\/site\/index.php\/wp-json\/wp\/v2\/posts\/696\/revisions"}],"predecessor-version":[{"id":704,"href":"https:\/\/snfolc.re\/site\/index.php\/wp-json\/wp\/v2\/posts\/696\/revisions\/704"}],"wp:featuredmedia":[{"embeddable":true,"href":"https:\/\/snfolc.re\/site\/index.php\/wp-json\/wp\/v2\/media\/710"}],"wp:attachment":[{"href":"https:\/\/snfolc.re\/site\/index.php\/wp-json\/wp\/v2\/media?parent=696"}],"wp:term":[{"taxonomy":"category","embeddable":true,"href":"https:\/\/snfolc.re\/site\/index.php\/wp-json\/wp\/v2\/categories?post=696"},{"taxonomy":"post_tag","embeddable":true,"href":"https:\/\/snfolc.re\/site\/index.php\/wp-json\/wp\/v2\/tags?post=696"}],"curies":[{"name":"wp","href":"https:\/\/api.w.org\/{rel}","templated":true}]}}